{"id":132,"date":"2021-09-03T23:55:00","date_gmt":"2021-09-03T21:55:00","guid":{"rendered":"http:\/\/www.korona.katowice.pl\/?p=132"},"modified":"2021-11-10T23:05:46","modified_gmt":"2021-11-10T21:05:46","slug":"spotkanie-programowe-w-opolu","status":"publish","type":"post","link":"https:\/\/www.korona.katowice.pl\/index.php\/2021\/09\/03\/spotkanie-programowe-w-opolu\/","title":{"rendered":"Spotkanie programowe w Opolu"},"content":{"rendered":"\n<div class=\"wp-block-image\"><figure class=\"alignleft size-large is-resized\"><img loading=\"lazy\" src=\"http:\/\/www.korona.katowice.pl\/wp-content\/uploads\/2021\/11\/opole-spotkanie-1024x447.jpg\" alt=\"\" class=\"wp-image-133\" width=\"512\" height=\"224\" srcset=\"https:\/\/www.korona.katowice.pl\/wp-content\/uploads\/2021\/11\/opole-spotkanie-1024x447.jpg 1024w, https:\/\/www.korona.katowice.pl\/wp-content\/uploads\/2021\/11\/opole-spotkanie-300x131.jpg 300w, https:\/\/www.korona.katowice.pl\/wp-content\/uploads\/2021\/11\/opole-spotkanie-768x335.jpg 768w, https:\/\/www.korona.katowice.pl\/wp-content\/uploads\/2021\/11\/opole-spotkanie.jpg 1237w\" sizes=\"(max-width: 512px) 100vw, 512px\" \/><figcaption>Konfederacja Korony Polskiej  o\/Katowice w Opolu 3 wrze\u015bnia  2021<\/figcaption><\/figure><\/div>\n\n\n\n<p class=\"has-text-align-left has-medium-font-size\">3 wrze\u015bnia 2021r. jeste\u015bmy w Opolu na zje\u017adzie regionalnym, kt\u00f3rego g\u0142\u00f3wnym celem jest wypracowanie wsp\u00f3lnego stanowiska do projektu programu Konfederacji Korony Polskiej.<\/p>\n\n\n\n<p class=\"has-medium-font-size\">Autorem wspomnianego wy\u017cej projektu programu naszej partii jest pan Ireneusz Jab\u0142o\u0144ski przy wsp\u00f3\u0142udziale prezesa Grzegorza Brauna,<\/p>\n","protected":false},"excerpt":{"rendered":"<p>3 wrze\u015bnia 2021r. jeste\u015bmy w Opolu na zje\u017adzie regionalnym, kt\u00f3rego g\u0142\u00f3wnym celem jest wypracowanie wsp\u00f3lnego stanowiska do projektu programu Konfederacji Korony Polskiej.<\/p>\n","protected":false},"author":1,"featured_media":133,"comment_status":"closed","ping_status":"closed","sticky":false,"template":"","format":"standard","meta":[],"categories":[1],"tags":[],"_links":{"self":[{"href":"https:\/\/www.korona.katowice.pl\/index.php\/wp-json\/wp\/v2\/posts\/132"}],"collection":[{"href":"https:\/\/www.korona.katowice.pl\/index.php\/wp-json\/wp\/v2\/posts"}],"about":[{"href":"https:\/\/www.korona.katowice.pl\/index.php\/wp-json\/wp\/v2\/types\/post"}],"author":[{"embeddable":true,"href":"https:\/\/www.korona.katowice.pl\/index.php\/wp-json\/wp\/v2\/users\/1"}],"replies":[{"embeddable":true,"href":"https:\/\/www.korona.katowice.pl\/index.php\/wp-json\/wp\/v2\/comments?post=132"}],"version-history":[{"count":8,"href":"https:\/\/www.korona.katowice.pl\/index.php\/wp-json\/wp\/v2\/posts\/132\/revisions"}],"predecessor-version":[{"id":207,"href":"https:\/\/www.korona.katowice.pl\/index.php\/wp-json\/wp\/v2\/posts\/132\/revisions\/207"}],"wp:featuredmedia":[{"embeddable":true,"href":"https:\/\/www.korona.katowice.pl\/index.php\/wp-json\/wp\/v2\/media\/133"}],"wp:attachment":[{"href":"https:\/\/www.korona.katowice.pl\/index.php\/wp-json\/wp\/v2\/media?parent=132"}],"wp:term":[{"taxonomy":"category","embeddable":true,"href":"https:\/\/www.korona.katowice.pl\/index.php\/wp-json\/wp\/v2\/categories?post=132"},{"taxonomy":"post_tag","embeddable":true,"href":"https:\/\/www.korona.katowice.pl\/index.php\/wp-json\/wp\/v2\/tags?post=132"}],"curies":[{"name":"wp","href":"https:\/\/api.w.org\/{rel}","templated":true}]}}